{"id":1647,"date":"2025-12-20T21:47:25","date_gmt":"2025-12-20T20:47:25","guid":{"rendered":"https:\/\/huvo.hr\/?p=1647"},"modified":"2026-03-02T11:45:10","modified_gmt":"2026-03-02T10:45:10","slug":"zagrebacki-sajam-lova","status":"publish","type":"post","link":"https:\/\/huvo.hr\/index.php\/2025\/12\/20\/zagrebacki-sajam-lova\/","title":{"rendered":"Zagreba\u010dki sajam lova"},"content":{"rendered":"\n<h3 class=\"wp-block-heading\"><strong>Mjesto susreta svih zaljubljenika u prirodu i opremu za lov<\/strong><\/h3>\n\n\n\n<p>Zagreba\u010dki sajam lova, jedno od najva\u017enijih regionalnih doga\u0111anja za ljubitelje prirode, lova i tradicije, ponovno se odr\u017eava na Zagreba\u010dkom velesajmu od <strong>20. do 22. velja\u010de 2026.<\/strong> godine. Ovaj trodnevni sajam okuplja doma\u0107e i me\u0111unarodne izlaga\u010de te stru\u010dnjake iz podru\u010dja lova\u010dke opreme, outdoor tehnologije i opreme za prirodu. Na sajmu se obi\u010dno predstavlja preko <strong>80 izlaga\u010da iz vi\u0161e zemalja<\/strong>, uz <strong>vi\u0161e od 1000 proizvoda i inovacija<\/strong> &#8211; uklju\u010duju\u0107i opremu za lov, odje\u0107u, optiku, te dodatnu lova\u010dku i outdoor opremu.<\/p>\n\n\n<div class=\"wp-block-image\">\n<figure class=\"aligncenter size-full is-resized\"><img loading=\"lazy\" decoding=\"async\" width=\"800\" height=\"600\" src=\"https:\/\/huvo.hr\/wp-content\/uploads\/2025\/12\/slika-1.png\" alt=\"\" class=\"wp-image-1650\" style=\"width:840px;height:auto\" srcset=\"https:\/\/huvo.hr\/wp-content\/uploads\/2025\/12\/slika-1.png 800w, https:\/\/huvo.hr\/wp-content\/uploads\/2025\/12\/slika-1-300x225.png 300w, https:\/\/huvo.hr\/wp-content\/uploads\/2025\/12\/slika-1-768x576.png 768w, https:\/\/huvo.hr\/wp-content\/uploads\/2025\/12\/slika-1-465x349.png 465w, https:\/\/huvo.hr\/wp-content\/uploads\/2025\/12\/slika-1-667x500.png 667w, https:\/\/huvo.hr\/wp-content\/uploads\/2025\/12\/slika-1-640x480.png 640w\" sizes=\"auto, (max-width: 800px) 100vw, 800px\" \/><\/figure>\n<\/div>\n\n\n<p>Pro\u0161le godine sedmo izdanje sajma posjetilo je \u010dak oko <strong>25 000 ljudi<\/strong>, \u0161to jasno pokazuje njegovu popularnost i va\u017enost u regiji. Sajam se tijekom godina konstantno razvija, a broj izlaga\u010da i posjetitelja raste iz godine u godinu, \u0161to ga \u010dini nezaobilaznim doga\u0111anjem za sve zaljubljenike u lov i prirodu.<\/p>\n\n\n<div class=\"wp-block-image\">\n<figure class=\"alignleft size-full is-resized\"><a href=\"https:\/\/huvo.hr\/wp-content\/uploads\/2025\/12\/slika.png\"><img loading=\"lazy\" decoding=\"async\" width=\"960\" height=\"720\" src=\"https:\/\/huvo.hr\/wp-content\/uploads\/2025\/12\/slika.png\" alt=\"\" class=\"wp-image-1649\" style=\"width:333px;height:auto\" srcset=\"https:\/\/huvo.hr\/wp-content\/uploads\/2025\/12\/slika.png 960w, https:\/\/huvo.hr\/wp-content\/uploads\/2025\/12\/slika-300x225.png 300w, https:\/\/huvo.hr\/wp-content\/uploads\/2025\/12\/slika-768x576.png 768w, https:\/\/huvo.hr\/wp-content\/uploads\/2025\/12\/slika-465x349.png 465w, https:\/\/huvo.hr\/wp-content\/uploads\/2025\/12\/slika-667x500.png 667w, https:\/\/huvo.hr\/wp-content\/uploads\/2025\/12\/slika-640x480.png 640w\" sizes=\"auto, (max-width: 960px) 100vw, 960px\" \/><\/a><\/figure>\n<\/div>\n\n\n<p>HUVO \u0107e i ove godine sudjelovati kao <strong>partner sajma<\/strong>, pru\u017eaju\u0107i dodatnu vrijednost posjetiteljima koji su zainteresirani za teme vezane uz oru\u017eje, opremu i zakonodavstvo. Posjetiteljima savjetujemo da, ukoliko planiraju <strong>kupnju oru\u017eja ili streljiva<\/strong>, sa sobom ponesu <strong>va\u017ee\u0107u nabavnu dozvolu<\/strong>, jer se prodaja top kvalitete lova\u010dkog oru\u017eja i streljiva odvija unutar sajamskih prostora.<\/p>\n\n\n\n<p>Osim prodajnog i izlo\u017ebenog dijela, sajam nudi i bogat program stru\u010dnih predavanja, prezentacija i edukativnih radionica. Posjetitelji se mogu o\u010dekivati i razni prate\u0107i sadr\u017eaji koji nadopunjuju iskustvo &#8211; od demonstracija opreme do savjeta stru\u010dnjaka na licu mjesta.<\/p>\n\n\n\n<p><strong>Zagreba\u010dki sajam lova 2026.<\/strong> prava je prilika za sve koji \u017eele vidjeti najnovije trendove u lova\u010dkoj opremi, upoznati predava\u010de i proizvo\u0111a\u010de te razmijeniti iskustva s drugim zaljubljenicima u prirodu.<\/p>\n\n\n<div class=\"wp-block-image\">\n<figure class=\"aligncenter size-full\"><img loading=\"lazy\" decoding=\"async\" width=\"800\" height=\"600\" src=\"https:\/\/huvo.hr\/wp-content\/uploads\/2025\/12\/slika-2.png\" alt=\"\" class=\"wp-image-1651\" srcset=\"https:\/\/huvo.hr\/wp-content\/uploads\/2025\/12\/slika-2.png 800w, https:\/\/huvo.hr\/wp-content\/uploads\/2025\/12\/slika-2-300x225.png 300w, https:\/\/huvo.hr\/wp-content\/uploads\/2025\/12\/slika-2-768x576.png 768w, https:\/\/huvo.hr\/wp-content\/uploads\/2025\/12\/slika-2-465x349.png 465w, https:\/\/huvo.hr\/wp-content\/uploads\/2025\/12\/slika-2-667x500.png 667w, https:\/\/huvo.hr\/wp-content\/uploads\/2025\/12\/slika-2-640x480.png 640w\" sizes=\"auto, (max-width: 800px) 100vw, 800px\" \/><\/figure>\n<\/div>","protected":false},"excerpt":{"rendered":"<p>Mjesto susreta svih zaljubljenika u prirodu i opremu za lov Zagreba\u010dki sajam lova, jedno od najva\u017enijih regionalnih doga\u0111anja za ljubitelje prirode, lova i tradicije, ponovno se odr\u017eava na Zagreba\u010dkom velesajmu od 20. do 22. velja\u010de 2026. godine. Ovaj trodnevni sajam okuplja doma\u0107e i me\u0111unarodne izlaga\u010de te stru\u010dnjake iz podru\u010dja lova\u010dke<span class=\"more-link\"><a href=\"https:\/\/huvo.hr\/index.php\/2025\/12\/20\/zagrebacki-sajam-lova\/\">Nastavite \u010ditati<\/a><\/span><\/p>\n","protected":false},"author":1,"featured_media":1648,"comment_status":"open","ping_status":"open","sticky":false,"template":"","format":"standard","meta":{"footnotes":""},"categories":[5],"tags":[],"class_list":["entry","author-huvo-admin","post-1647","post","type-post","status-publish","format-standard","has-post-thumbnail","category-natjecanja"],"yoast_head":"<!-- This site is optimized with the Yoast SEO plugin v26.3 - https:\/\/yoast.com\/wordpress\/plugins\/seo\/ -->\n<title>Zagreba\u010dki sajam lova - HUVO<\/title>\n<meta name=\"robots\" content=\"index, follow, max-snippet:-1, max-image-preview:large, max-video-preview:-1\" \/>\n<link rel=\"canonical\" href=\"https:\/\/huvo.hr\/index.php\/2025\/12\/20\/zagrebacki-sajam-lova\/\" \/>\n<meta property=\"og:locale\" content=\"hr_HR\" \/>\n<meta property=\"og:type\" content=\"article\" \/>\n<meta property=\"og:title\" content=\"Zagreba\u010dki sajam lova - HUVO\" \/>\n<meta property=\"og:description\" content=\"Mjesto susreta svih zaljubljenika u prirodu i opremu za lov Zagreba\u010dki sajam lova, jedno od najva\u017enijih regionalnih doga\u0111anja za ljubitelje prirode, lova i tradicije, ponovno se odr\u017eava na Zagreba\u010dkom velesajmu od 20. do 22. velja\u010de 2026. godine. Ovaj trodnevni sajam okuplja doma\u0107e i me\u0111unarodne izlaga\u010de te stru\u010dnjake iz podru\u010dja lova\u010dkeNastavite \u010ditati\" \/>\n<meta property=\"og:url\" content=\"https:\/\/huvo.hr\/index.php\/2025\/12\/20\/zagrebacki-sajam-lova\/\" \/>\n<meta property=\"og:site_name\" content=\"HUVO\" \/>\n<meta property=\"article:publisher\" content=\"https:\/\/www.facebook.com\/profile.php?id=61573187773280\" \/>\n<meta property=\"article:published_time\" content=\"2025-12-20T20:47:25+00:00\" \/>\n<meta property=\"article:modified_time\" content=\"2026-03-02T10:45:10+00:00\" \/>\n<meta property=\"og:image\" content=\"https:\/\/huvo.hr\/wp-content\/uploads\/2025\/12\/Untitled-design.png\" \/>\n\t<meta property=\"og:image:width\" content=\"1500\" \/>\n\t<meta property=\"og:image:height\" content=\"500\" \/>\n\t<meta property=\"og:image:type\" content=\"image\/png\" \/>\n<meta name=\"author\" content=\"HUVO Admin\" \/>\n<meta name=\"twitter:card\" content=\"summary_large_image\" \/>\n<meta name=\"twitter:label1\" content=\"Napisao\/la\" \/>\n\t<meta name=\"twitter:data1\" content=\"HUVO Admin\" \/>\n\t<meta name=\"twitter:label2\" content=\"Procijenjeno vrijeme \u010ditanja\" \/>\n\t<meta name=\"twitter:data2\" content=\"3 minute\" \/>\n<script type=\"application\/ld+json\" class=\"yoast-schema-graph\">{\"@context\":\"https:\/\/schema.org\",\"@graph\":[{\"@type\":\"Article\",\"@id\":\"https:\/\/huvo.hr\/index.php\/2025\/12\/20\/zagrebacki-sajam-lova\/#article\",\"isPartOf\":{\"@id\":\"https:\/\/huvo.hr\/index.php\/2025\/12\/20\/zagrebacki-sajam-lova\/\"},\"author\":{\"name\":\"HUVO Admin\",\"@id\":\"https:\/\/huvo.hr\/#\/schema\/person\/8d8502886826ace5adac10395beab411\"},\"headline\":\"Zagreba\u010dki sajam lova\",\"datePublished\":\"2025-12-20T20:47:25+00:00\",\"dateModified\":\"2026-03-02T10:45:10+00:00\",\"mainEntityOfPage\":{\"@id\":\"https:\/\/huvo.hr\/index.php\/2025\/12\/20\/zagrebacki-sajam-lova\/\"},\"wordCount\":294,\"commentCount\":0,\"publisher\":{\"@id\":\"https:\/\/huvo.hr\/#organization\"},\"image\":{\"@id\":\"https:\/\/huvo.hr\/index.php\/2025\/12\/20\/zagrebacki-sajam-lova\/#primaryimage\"},\"thumbnailUrl\":\"https:\/\/huvo.hr\/wp-content\/uploads\/2025\/12\/Untitled-design.png\",\"articleSection\":[\"Natjecanja i doga\u0111aji\"],\"inLanguage\":\"hr\",\"potentialAction\":[{\"@type\":\"CommentAction\",\"name\":\"Comment\",\"target\":[\"https:\/\/huvo.hr\/index.php\/2025\/12\/20\/zagrebacki-sajam-lova\/#respond\"]}]},{\"@type\":\"WebPage\",\"@id\":\"https:\/\/huvo.hr\/index.php\/2025\/12\/20\/zagrebacki-sajam-lova\/\",\"url\":\"https:\/\/huvo.hr\/index.php\/2025\/12\/20\/zagrebacki-sajam-lova\/\",\"name\":\"Zagreba\u010dki sajam lova - HUVO\",\"isPartOf\":{\"@id\":\"https:\/\/huvo.hr\/#website\"},\"primaryImageOfPage\":{\"@id\":\"https:\/\/huvo.hr\/index.php\/2025\/12\/20\/zagrebacki-sajam-lova\/#primaryimage\"},\"image\":{\"@id\":\"https:\/\/huvo.hr\/index.php\/2025\/12\/20\/zagrebacki-sajam-lova\/#primaryimage\"},\"thumbnailUrl\":\"https:\/\/huvo.hr\/wp-content\/uploads\/2025\/12\/Untitled-design.png\",\"datePublished\":\"2025-12-20T20:47:25+00:00\",\"dateModified\":\"2026-03-02T10:45:10+00:00\",\"breadcrumb\":{\"@id\":\"https:\/\/huvo.hr\/index.php\/2025\/12\/20\/zagrebacki-sajam-lova\/#breadcrumb\"},\"inLanguage\":\"hr\",\"potentialAction\":[{\"@type\":\"ReadAction\",\"target\":[\"https:\/\/huvo.hr\/index.php\/2025\/12\/20\/zagrebacki-sajam-lova\/\"]}]},{\"@type\":\"ImageObject\",\"inLanguage\":\"hr\",\"@id\":\"https:\/\/huvo.hr\/index.php\/2025\/12\/20\/zagrebacki-sajam-lova\/#primaryimage\",\"url\":\"https:\/\/huvo.hr\/wp-content\/uploads\/2025\/12\/Untitled-design.png\",\"contentUrl\":\"https:\/\/huvo.hr\/wp-content\/uploads\/2025\/12\/Untitled-design.png\",\"width\":1500,\"height\":500},{\"@type\":\"BreadcrumbList\",\"@id\":\"https:\/\/huvo.hr\/index.php\/2025\/12\/20\/zagrebacki-sajam-lova\/#breadcrumb\",\"itemListElement\":[{\"@type\":\"ListItem\",\"position\":1,\"name\":\"Po\u010detna stranica\",\"item\":\"https:\/\/huvo.hr\/\"},{\"@type\":\"ListItem\",\"position\":2,\"name\":\"Zagreba\u010dki sajam lova\"}]},{\"@type\":\"WebSite\",\"@id\":\"https:\/\/huvo.hr\/#website\",\"url\":\"https:\/\/huvo.hr\/\",\"name\":\"HUVO\",\"description\":\"Glas vlasnika oru\u017eja u Hrvatskoj\",\"publisher\":{\"@id\":\"https:\/\/huvo.hr\/#organization\"},\"potentialAction\":[{\"@type\":\"SearchAction\",\"target\":{\"@type\":\"EntryPoint\",\"urlTemplate\":\"https:\/\/huvo.hr\/?s={search_term_string}\"},\"query-input\":{\"@type\":\"PropertyValueSpecification\",\"valueRequired\":true,\"valueName\":\"search_term_string\"}}],\"inLanguage\":\"hr\"},{\"@type\":\"Organization\",\"@id\":\"https:\/\/huvo.hr\/#organization\",\"name\":\"Hrvatska udruga vlasnika oru\u017eja\",\"url\":\"https:\/\/huvo.hr\/\",\"logo\":{\"@type\":\"ImageObject\",\"inLanguage\":\"hr\",\"@id\":\"https:\/\/huvo.hr\/#\/schema\/logo\/image\/\",\"url\":\"https:\/\/huvo.hr\/wp-content\/uploads\/2025\/03\/logoHQ.png\",\"contentUrl\":\"https:\/\/huvo.hr\/wp-content\/uploads\/2025\/03\/logoHQ.png\",\"width\":451,\"height\":119,\"caption\":\"Hrvatska udruga vlasnika oru\u017eja\"},\"image\":{\"@id\":\"https:\/\/huvo.hr\/#\/schema\/logo\/image\/\"},\"sameAs\":[\"https:\/\/www.facebook.com\/profile.php?id=61573187773280\",\"https:\/\/www.youtube.com\/@HUVO.HRVATSKA\"]},{\"@type\":\"Person\",\"@id\":\"https:\/\/huvo.hr\/#\/schema\/person\/8d8502886826ace5adac10395beab411\",\"name\":\"HUVO Admin\",\"image\":{\"@type\":\"ImageObject\",\"inLanguage\":\"hr\",\"@id\":\"https:\/\/huvo.hr\/#\/schema\/person\/image\/\",\"url\":\"https:\/\/secure.gravatar.com\/avatar\/1c1d41c8a1ba17e568c123f136edb2c5f3404ccd54b9bc85a80162ae5fe9c1dd?s=96&d=mm&r=g\",\"contentUrl\":\"https:\/\/secure.gravatar.com\/avatar\/1c1d41c8a1ba17e568c123f136edb2c5f3404ccd54b9bc85a80162ae5fe9c1dd?s=96&d=mm&r=g\",\"caption\":\"HUVO Admin\"},\"sameAs\":[\"https:\/\/huvo.hr\"],\"url\":\"https:\/\/huvo.hr\/index.php\/author\/huvo-admin\/\"}]}<\/script>\n<!-- \/ Yoast SEO plugin. -->","yoast_head_json":{"title":"Zagreba\u010dki sajam lova - HUVO","robots":{"index":"index","follow":"follow","max-snippet":"max-snippet:-1","max-image-preview":"max-image-preview:large","max-video-preview":"max-video-preview:-1"},"canonical":"https:\/\/huvo.hr\/index.php\/2025\/12\/20\/zagrebacki-sajam-lova\/","og_locale":"hr_HR","og_type":"article","og_title":"Zagreba\u010dki sajam lova - HUVO","og_description":"Mjesto susreta svih zaljubljenika u prirodu i opremu za lov Zagreba\u010dki sajam lova, jedno od najva\u017enijih regionalnih doga\u0111anja za ljubitelje prirode, lova i tradicije, ponovno se odr\u017eava na Zagreba\u010dkom velesajmu od 20. do 22. velja\u010de 2026. godine. Ovaj trodnevni sajam okuplja doma\u0107e i me\u0111unarodne izlaga\u010de te stru\u010dnjake iz podru\u010dja lova\u010dkeNastavite \u010ditati","og_url":"https:\/\/huvo.hr\/index.php\/2025\/12\/20\/zagrebacki-sajam-lova\/","og_site_name":"HUVO","article_publisher":"https:\/\/www.facebook.com\/profile.php?id=61573187773280","article_published_time":"2025-12-20T20:47:25+00:00","article_modified_time":"2026-03-02T10:45:10+00:00","og_image":[{"width":1500,"height":500,"url":"https:\/\/huvo.hr\/wp-content\/uploads\/2025\/12\/Untitled-design.png","type":"image\/png"}],"author":"HUVO Admin","twitter_card":"summary_large_image","twitter_misc":{"Napisao\/la":"HUVO Admin","Procijenjeno vrijeme \u010ditanja":"3 minute"},"schema":{"@context":"https:\/\/schema.org","@graph":[{"@type":"Article","@id":"https:\/\/huvo.hr\/index.php\/2025\/12\/20\/zagrebacki-sajam-lova\/#article","isPartOf":{"@id":"https:\/\/huvo.hr\/index.php\/2025\/12\/20\/zagrebacki-sajam-lova\/"},"author":{"name":"HUVO Admin","@id":"https:\/\/huvo.hr\/#\/schema\/person\/8d8502886826ace5adac10395beab411"},"headline":"Zagreba\u010dki sajam lova","datePublished":"2025-12-20T20:47:25+00:00","dateModified":"2026-03-02T10:45:10+00:00","mainEntityOfPage":{"@id":"https:\/\/huvo.hr\/index.php\/2025\/12\/20\/zagrebacki-sajam-lova\/"},"wordCount":294,"commentCount":0,"publisher":{"@id":"https:\/\/huvo.hr\/#organization"},"image":{"@id":"https:\/\/huvo.hr\/index.php\/2025\/12\/20\/zagrebacki-sajam-lova\/#primaryimage"},"thumbnailUrl":"https:\/\/huvo.hr\/wp-content\/uploads\/2025\/12\/Untitled-design.png","articleSection":["Natjecanja i doga\u0111aji"],"inLanguage":"hr","potentialAction":[{"@type":"CommentAction","name":"Comment","target":["https:\/\/huvo.hr\/index.php\/2025\/12\/20\/zagrebacki-sajam-lova\/#respond"]}]},{"@type":"WebPage","@id":"https:\/\/huvo.hr\/index.php\/2025\/12\/20\/zagrebacki-sajam-lova\/","url":"https:\/\/huvo.hr\/index.php\/2025\/12\/20\/zagrebacki-sajam-lova\/","name":"Zagreba\u010dki sajam lova - HUVO","isPartOf":{"@id":"https:\/\/huvo.hr\/#website"},"primaryImageOfPage":{"@id":"https:\/\/huvo.hr\/index.php\/2025\/12\/20\/zagrebacki-sajam-lova\/#primaryimage"},"image":{"@id":"https:\/\/huvo.hr\/index.php\/2025\/12\/20\/zagrebacki-sajam-lova\/#primaryimage"},"thumbnailUrl":"https:\/\/huvo.hr\/wp-content\/uploads\/2025\/12\/Untitled-design.png","datePublished":"2025-12-20T20:47:25+00:00","dateModified":"2026-03-02T10:45:10+00:00","breadcrumb":{"@id":"https:\/\/huvo.hr\/index.php\/2025\/12\/20\/zagrebacki-sajam-lova\/#breadcrumb"},"inLanguage":"hr","potentialAction":[{"@type":"ReadAction","target":["https:\/\/huvo.hr\/index.php\/2025\/12\/20\/zagrebacki-sajam-lova\/"]}]},{"@type":"ImageObject","inLanguage":"hr","@id":"https:\/\/huvo.hr\/index.php\/2025\/12\/20\/zagrebacki-sajam-lova\/#primaryimage","url":"https:\/\/huvo.hr\/wp-content\/uploads\/2025\/12\/Untitled-design.png","contentUrl":"https:\/\/huvo.hr\/wp-content\/uploads\/2025\/12\/Untitled-design.png","width":1500,"height":500},{"@type":"BreadcrumbList","@id":"https:\/\/huvo.hr\/index.php\/2025\/12\/20\/zagrebacki-sajam-lova\/#breadcrumb","itemListElement":[{"@type":"ListItem","position":1,"name":"Po\u010detna stranica","item":"https:\/\/huvo.hr\/"},{"@type":"ListItem","position":2,"name":"Zagreba\u010dki sajam lova"}]},{"@type":"WebSite","@id":"https:\/\/huvo.hr\/#website","url":"https:\/\/huvo.hr\/","name":"HUVO","description":"Glas vlasnika oru\u017eja u Hrvatskoj","publisher":{"@id":"https:\/\/huvo.hr\/#organization"},"potentialAction":[{"@type":"SearchAction","target":{"@type":"EntryPoint","urlTemplate":"https:\/\/huvo.hr\/?s={search_term_string}"},"query-input":{"@type":"PropertyValueSpecification","valueRequired":true,"valueName":"search_term_string"}}],"inLanguage":"hr"},{"@type":"Organization","@id":"https:\/\/huvo.hr\/#organization","name":"Hrvatska udruga vlasnika oru\u017eja","url":"https:\/\/huvo.hr\/","logo":{"@type":"ImageObject","inLanguage":"hr","@id":"https:\/\/huvo.hr\/#\/schema\/logo\/image\/","url":"https:\/\/huvo.hr\/wp-content\/uploads\/2025\/03\/logoHQ.png","contentUrl":"https:\/\/huvo.hr\/wp-content\/uploads\/2025\/03\/logoHQ.png","width":451,"height":119,"caption":"Hrvatska udruga vlasnika oru\u017eja"},"image":{"@id":"https:\/\/huvo.hr\/#\/schema\/logo\/image\/"},"sameAs":["https:\/\/www.facebook.com\/profile.php?id=61573187773280","https:\/\/www.youtube.com\/@HUVO.HRVATSKA"]},{"@type":"Person","@id":"https:\/\/huvo.hr\/#\/schema\/person\/8d8502886826ace5adac10395beab411","name":"HUVO Admin","image":{"@type":"ImageObject","inLanguage":"hr","@id":"https:\/\/huvo.hr\/#\/schema\/person\/image\/","url":"https:\/\/secure.gravatar.com\/avatar\/1c1d41c8a1ba17e568c123f136edb2c5f3404ccd54b9bc85a80162ae5fe9c1dd?s=96&d=mm&r=g","contentUrl":"https:\/\/secure.gravatar.com\/avatar\/1c1d41c8a1ba17e568c123f136edb2c5f3404ccd54b9bc85a80162ae5fe9c1dd?s=96&d=mm&r=g","caption":"HUVO Admin"},"sameAs":["https:\/\/huvo.hr"],"url":"https:\/\/huvo.hr\/index.php\/author\/huvo-admin\/"}]}},"_links":{"self":[{"href":"https:\/\/huvo.hr\/index.php\/wp-json\/wp\/v2\/posts\/1647","targetHints":{"allow":["GET"]}}],"collection":[{"href":"https:\/\/huvo.hr\/index.php\/wp-json\/wp\/v2\/posts"}],"about":[{"href":"https:\/\/huvo.hr\/index.php\/wp-json\/wp\/v2\/types\/post"}],"author":[{"embeddable":true,"href":"https:\/\/huvo.hr\/index.php\/wp-json\/wp\/v2\/users\/1"}],"replies":[{"embeddable":true,"href":"https:\/\/huvo.hr\/index.php\/wp-json\/wp\/v2\/comments?post=1647"}],"version-history":[{"count":3,"href":"https:\/\/huvo.hr\/index.php\/wp-json\/wp\/v2\/posts\/1647\/revisions"}],"predecessor-version":[{"id":1654,"href":"https:\/\/huvo.hr\/index.php\/wp-json\/wp\/v2\/posts\/1647\/revisions\/1654"}],"wp:featuredmedia":[{"embeddable":true,"href":"https:\/\/huvo.hr\/index.php\/wp-json\/wp\/v2\/media\/1648"}],"wp:attachment":[{"href":"https:\/\/huvo.hr\/index.php\/wp-json\/wp\/v2\/media?parent=1647"}],"wp:term":[{"taxonomy":"category","embeddable":true,"href":"https:\/\/huvo.hr\/index.php\/wp-json\/wp\/v2\/categories?post=1647"},{"taxonomy":"post_tag","embeddable":true,"href":"https:\/\/huvo.hr\/index.php\/wp-json\/wp\/v2\/tags?post=1647"}],"curies":[{"name":"wp","href":"https:\/\/api.w.org\/{rel}","templated":true}]}}